{"id":327,"date":"2021-02-19T21:24:07","date_gmt":"2021-02-19T20:24:07","guid":{"rendered":"https:\/\/test.oebz.de\/?p=327"},"modified":"2021-02-26T23:12:31","modified_gmt":"2021-02-26T22:12:31","slug":"genussgemeinschaft-staedter-und-bauern","status":"publish","type":"post","link":"https:\/\/saatgutvielfalt.oebz.de\/index.php\/2021\/02\/19\/genussgemeinschaft-staedter-und-bauern\/","title":{"rendered":"Genussgemeinschaft St\u00e4dter und Bauern"},"content":{"rendered":"\n<p>Die Genussgemeinschaft St\u00e4dter und Bauern setzt sich f\u00fcr den Erhalt einer b\u00e4uerlich-handwerklichen Lebensmittelvielfalt in den Regionen ein. Eine intakte Kulturlandschaft erhalten wir nur, wenn die Art der Landwirtschaft, die sie hervorbringt, \u00fcberleben kann. Wir vernetzen kleine, biologisch arbeitende Betriebe, das traditionelle Lebensmittelhandwerk bis hin zur Gastronomie. Dabei entstehen regionale Wirtschaftskreisl\u00e4ufe und Wertsch\u00f6pfungsketten.<\/p>\n\n\n\n<p>Projekte der solidarischen Landwirtschaft, Beteiligungen mittels \u201eCrowdfunding\u201c,<br>Einkaufsgemeinschaften, eine vielf\u00e4ltige \u00d6ffentlichkeitsarbeit und Veranstaltungen bilden unseren Aktionsradius.<\/p>\n\n\n<hr>\n\n\n<p><span class=\"has-inline-color has-button-color-color\">Kontakt:<\/span><\/p>\n\n\n\n<p><a href=\"http:\/\/www.genussgemeinschft.de\">www.genussgemeinschft.de<\/a><\/p>\n\n\n\n<figure class=\"wp-block-gallery columns-2 wp-block-gallery-1 is-layout-flex wp-block-gallery-is-layout-flex\"><ul class=\"blocks-gallery-grid\"><li class=\"blocks-gallery-item\"><figure><img loading=\"lazy\" decoding=\"async\" width=\"1024\" height=\"768\" src=\"https:\/\/saatgutvielfalt.oebz.de\/wp-content\/uploads\/2021\/02\/Genussgemeinschaft-S-und-B_SlowFood_IMG_20190706_102936-1024x768.jpg\" alt=\"\" data-id=\"486\" data-full-url=\"https:\/\/saatgutvielfalt.oebz.de\/wp-content\/uploads\/2021\/02\/Genussgemeinschaft-S-und-B_SlowFood_IMG_20190706_102936-scaled.jpg\" data-link=\"https:\/\/saatgutvielfalt.oebz.de\/index.php\/2021\/02\/19\/genussgemeinschaft-staedter-und-bauern\/genussgemeinschaft-s-und-b_slowfood_img_20190706_102936\/\" class=\"wp-image-486\" srcset=\"https:\/\/saatgutvielfalt.oebz.de\/wp-content\/uploads\/2021\/02\/Genussgemeinschaft-S-und-B_SlowFood_IMG_20190706_102936-1024x768.jpg 1024w, https:\/\/saatgutvielfalt.oebz.de\/wp-content\/uploads\/2021\/02\/Genussgemeinschaft-S-und-B_SlowFood_IMG_20190706_102936-300x225.jpg 300w, https:\/\/saatgutvielfalt.oebz.de\/wp-content\/uploads\/2021\/02\/Genussgemeinschaft-S-und-B_SlowFood_IMG_20190706_102936-768x576.jpg 768w, https:\/\/saatgutvielfalt.oebz.de\/wp-content\/uploads\/2021\/02\/Genussgemeinschaft-S-und-B_SlowFood_IMG_20190706_102936-1536x1152.jpg 1536w, https:\/\/saatgutvielfalt.oebz.de\/wp-content\/uploads\/2021\/02\/Genussgemeinschaft-S-und-B_SlowFood_IMG_20190706_102936-2048x1536.jpg 2048w, https:\/\/saatgutvielfalt.oebz.de\/wp-content\/uploads\/2021\/02\/Genussgemeinschaft-S-und-B_SlowFood_IMG_20190706_102936-100x75.jpg 100w, https:\/\/saatgutvielfalt.oebz.de\/wp-content\/uploads\/2021\/02\/Genussgemeinschaft-S-und-B_SlowFood_IMG_20190706_102936-150x113.jpg 150w, https:\/\/saatgutvielfalt.oebz.de\/wp-content\/uploads\/2021\/02\/Genussgemeinschaft-S-und-B_SlowFood_IMG_20190706_102936-200x150.jpg 200w, https:\/\/saatgutvielfalt.oebz.de\/wp-content\/uploads\/2021\/02\/Genussgemeinschaft-S-und-B_SlowFood_IMG_20190706_102936-450x338.jpg 450w, https:\/\/saatgutvielfalt.oebz.de\/wp-content\/uploads\/2021\/02\/Genussgemeinschaft-S-und-B_SlowFood_IMG_20190706_102936-600x450.jpg 600w, https:\/\/saatgutvielfalt.oebz.de\/wp-content\/uploads\/2021\/02\/Genussgemeinschaft-S-und-B_SlowFood_IMG_20190706_102936-900x675.jpg 900w\" sizes=\"auto, (max-width: 1024px) 100vw, 1024px\" \/><\/figure><\/li><li class=\"blocks-gallery-item\"><figure><img loading=\"lazy\" decoding=\"async\" width=\"688\" height=\"387\" src=\"https:\/\/saatgutvielfalt.oebz.de\/wp-content\/uploads\/2021\/02\/Genussgemeinschaft-S-und-B_IMG-20200831-WA0002-Piment-Chilli.jpg\" alt=\"\" data-id=\"487\" data-full-url=\"https:\/\/saatgutvielfalt.oebz.de\/wp-content\/uploads\/2021\/02\/Genussgemeinschaft-S-und-B_IMG-20200831-WA0002-Piment-Chilli.jpg\" data-link=\"https:\/\/saatgutvielfalt.oebz.de\/index.php\/2021\/02\/19\/genussgemeinschaft-staedter-und-bauern\/genussgemeinschaft-s-und-b_img-20200831-wa0002-piment-chilli\/\" class=\"wp-image-487\" srcset=\"https:\/\/saatgutvielfalt.oebz.de\/wp-content\/uploads\/2021\/02\/Genussgemeinschaft-S-und-B_IMG-20200831-WA0002-Piment-Chilli.jpg 688w, https:\/\/saatgutvielfalt.oebz.de\/wp-content\/uploads\/2021\/02\/Genussgemeinschaft-S-und-B_IMG-20200831-WA0002-Piment-Chilli-300x169.jpg 300w, https:\/\/saatgutvielfalt.oebz.de\/wp-content\/uploads\/2021\/02\/Genussgemeinschaft-S-und-B_IMG-20200831-WA0002-Piment-Chilli-100x56.jpg 100w, https:\/\/saatgutvielfalt.oebz.de\/wp-content\/uploads\/2021\/02\/Genussgemeinschaft-S-und-B_IMG-20200831-WA0002-Piment-Chilli-150x84.jpg 150w, https:\/\/saatgutvielfalt.oebz.de\/wp-content\/uploads\/2021\/02\/Genussgemeinschaft-S-und-B_IMG-20200831-WA0002-Piment-Chilli-200x113.jpg 200w, https:\/\/saatgutvielfalt.oebz.de\/wp-content\/uploads\/2021\/02\/Genussgemeinschaft-S-und-B_IMG-20200831-WA0002-Piment-Chilli-450x253.jpg 450w, https:\/\/saatgutvielfalt.oebz.de\/wp-content\/uploads\/2021\/02\/Genussgemeinschaft-S-und-B_IMG-20200831-WA0002-Piment-Chilli-600x338.jpg 600w\" sizes=\"auto, (max-width: 688px) 100vw, 688px\" \/><\/figure><\/li><li class=\"blocks-gallery-item\"><figure><img loading=\"lazy\" decoding=\"async\" width=\"1024\" height=\"768\" src=\"https:\/\/saatgutvielfalt.oebz.de\/wp-content\/uploads\/2021\/02\/Genussgemeinschaft-S-und-B_SlowFood_20180712_152431-1024x768.jpg\" alt=\"\" data-id=\"488\" data-full-url=\"https:\/\/saatgutvielfalt.oebz.de\/wp-content\/uploads\/2021\/02\/Genussgemeinschaft-S-und-B_SlowFood_20180712_152431-scaled.jpg\" data-link=\"https:\/\/saatgutvielfalt.oebz.de\/index.php\/2021\/02\/19\/genussgemeinschaft-staedter-und-bauern\/genussgemeinschaft-s-und-b_slowfood_20180712_152431\/\" class=\"wp-image-488\" srcset=\"https:\/\/saatgutvielfalt.oebz.de\/wp-content\/uploads\/2021\/02\/Genussgemeinschaft-S-und-B_SlowFood_20180712_152431-1024x768.jpg 1024w, https:\/\/saatgutvielfalt.oebz.de\/wp-content\/uploads\/2021\/02\/Genussgemeinschaft-S-und-B_SlowFood_20180712_152431-300x225.jpg 300w, https:\/\/saatgutvielfalt.oebz.de\/wp-content\/uploads\/2021\/02\/Genussgemeinschaft-S-und-B_SlowFood_20180712_152431-768x576.jpg 768w, https:\/\/saatgutvielfalt.oebz.de\/wp-content\/uploads\/2021\/02\/Genussgemeinschaft-S-und-B_SlowFood_20180712_152431-1536x1152.jpg 1536w, https:\/\/saatgutvielfalt.oebz.de\/wp-content\/uploads\/2021\/02\/Genussgemeinschaft-S-und-B_SlowFood_20180712_152431-2048x1536.jpg 2048w, https:\/\/saatgutvielfalt.oebz.de\/wp-content\/uploads\/2021\/02\/Genussgemeinschaft-S-und-B_SlowFood_20180712_152431-100x75.jpg 100w, https:\/\/saatgutvielfalt.oebz.de\/wp-content\/uploads\/2021\/02\/Genussgemeinschaft-S-und-B_SlowFood_20180712_152431-150x113.jpg 150w, https:\/\/saatgutvielfalt.oebz.de\/wp-content\/uploads\/2021\/02\/Genussgemeinschaft-S-und-B_SlowFood_20180712_152431-200x150.jpg 200w, https:\/\/saatgutvielfalt.oebz.de\/wp-content\/uploads\/2021\/02\/Genussgemeinschaft-S-und-B_SlowFood_20180712_152431-450x338.jpg 450w, https:\/\/saatgutvielfalt.oebz.de\/wp-content\/uploads\/2021\/02\/Genussgemeinschaft-S-und-B_SlowFood_20180712_152431-600x450.jpg 600w, https:\/\/saatgutvielfalt.oebz.de\/wp-content\/uploads\/2021\/02\/Genussgemeinschaft-S-und-B_SlowFood_20180712_152431-900x675.jpg 900w\" sizes=\"auto, (max-width: 1024px) 100vw, 1024px\" \/><\/figure><\/li><\/ul><\/figure>\n","protected":false},"excerpt":{"rendered":"<p>Die Genussgemeinschaft St\u00e4dter und Bauern setzt sich f\u00fcr den Erhalt einer b\u00e4uerlich-handwerklichen Lebensmittelvielfalt in den Regionen ein. Eine intakte Kulturlandschaft erhalten wir nur, wenn die Art der Landwirtschaft, die sie hervorbringt, \u00fcberleben kann. Wir vernetzen kleine, biologisch arbeitende Betriebe, das &hellip;<\/p>\n<p class=\"read-more\"> <a class=\"more-link\" href=\"https:\/\/saatgutvielfalt.oebz.de\/index.php\/2021\/02\/19\/genussgemeinschaft-staedter-und-bauern\/\"> <span class=\"screen-reader-text\">Genussgemeinschaft St\u00e4dter und Bauern<\/span> Weiterlesen &raquo;<\/a><\/p>\n","protected":false},"author":2,"featured_media":329,"comment_status":"closed","ping_status":"open","sticky":false,"template":"","format":"standard","meta":{"footnotes":""},"categories":[4],"tags":[32],"class_list":["post-327","post","type-post","status-publish","format-standard","has-post-thumbnail","hentry","category-infomarkt","tag-infostand"],"_links":{"self":[{"href":"https:\/\/saatgutvielfalt.oebz.de\/index.php\/wp-json\/wp\/v2\/posts\/327","targetHints":{"allow":["GET"]}}],"collection":[{"href":"https:\/\/saatgutvielfalt.oebz.de\/index.php\/wp-json\/wp\/v2\/posts"}],"about":[{"href":"https:\/\/saatgutvielfalt.oebz.de\/index.php\/wp-json\/wp\/v2\/types\/post"}],"author":[{"embeddable":true,"href":"https:\/\/saatgutvielfalt.oebz.de\/index.php\/wp-json\/wp\/v2\/users\/2"}],"replies":[{"embeddable":true,"href":"https:\/\/saatgutvielfalt.oebz.de\/index.php\/wp-json\/wp\/v2\/comments?post=327"}],"version-history":[{"count":4,"href":"https:\/\/saatgutvielfalt.oebz.de\/index.php\/wp-json\/wp\/v2\/posts\/327\/revisions"}],"predecessor-version":[{"id":509,"href":"https:\/\/saatgutvielfalt.oebz.de\/index.php\/wp-json\/wp\/v2\/posts\/327\/revisions\/509"}],"wp:featuredmedia":[{"embeddable":true,"href":"https:\/\/saatgutvielfalt.oebz.de\/index.php\/wp-json\/wp\/v2\/media\/329"}],"wp:attachment":[{"href":"https:\/\/saatgutvielfalt.oebz.de\/index.php\/wp-json\/wp\/v2\/media?parent=327"}],"wp:term":[{"taxonomy":"category","embeddable":true,"href":"https:\/\/saatgutvielfalt.oebz.de\/index.php\/wp-json\/wp\/v2\/categories?post=327"},{"taxonomy":"post_tag","embeddable":true,"href":"https:\/\/saatgutvielfalt.oebz.de\/index.php\/wp-json\/wp\/v2\/tags?post=327"}],"curies":[{"name":"wp","href":"https:\/\/api.w.org\/{rel}","templated":true}]}}